{"id":3031,"date":"2025-03-01T11:03:00","date_gmt":"2025-03-01T15:03:00","guid":{"rendered":"https:\/\/iaes.edu.ve\/?p=3031"},"modified":"2025-03-17T09:03:11","modified_gmt":"2025-03-17T13:03:11","slug":"realizadas-las-i-jornadas-de-investigacion-en-salud-colectiva-en-el-iae-dr-arnoldo-gabaldon","status":"publish","type":"post","link":"https:\/\/iaes.edu.ve\/?p=3031","title":{"rendered":"Realizadas las I Jornadas de Investigaci\u00f3n en Salud Colectiva en el IAE Dr Arnoldo Gabaldon"},"content":{"rendered":"\t\t<div data-elementor-type=\"wp-post\" data-elementor-id=\"3031\" class=\"elementor elementor-3031\">\n\t\t\t\t<div class=\"elementor-element elementor-element-7113778 e-flex e-con-boxed e-con e-parent\" data-id=\"7113778\" data-element_type=\"container\" data-e-type=\"container\">\n\t\t\t\t\t<div class=\"e-con-inner\">\n\t\t\t\t<div class=\"elementor-element elementor-element-b435bbf elementor-widget elementor-widget-text-editor\" data-id=\"b435bbf\" data-element_type=\"widget\" data-e-type=\"widget\" data-widget_type=\"text-editor.default\">\n\t\t\t\t<div class=\"elementor-widget-container\">\n\t\t\t\t\t\t\t\t\t<p>PRENSAIAE.<\/p>\n<p>Para seguir contribuyendo en la promoci\u00f3n de la calidad en la salud p\u00fablica de manera equitativa, este viernes se realiz\u00f3 la<b> I Jornadas de Investigaci\u00f3n en Salud Colectiva<i> \u00abSalto cualitativo: una espiral de Construcci\u00f3n Dial\u00e9ctica para el Sistema P\u00fablico Nacional de Salud\u00bb<\/i><\/b>, en la sede del <b>Servicio Aut\u00f3nomo Instituto de Altos Estudios \u00abDr. Arnoldo Gabaldon\u00bb<\/b>.<\/p>\n<p>Realizada de manera Virtual por nuestro Canal YouTube <a href=\"https:\/\/www.youtube.com\/@iaesgabaldon\">@iaesgabaldon<\/a>&nbsp;y con cierta participaci\u00f3n presencial en el sal\u00f3n Haydee Mireles, estas jornadas buscan profundizar la construcci\u00f3n de un sistema de salud m\u00e1s fuerte y resiliente para el progreso del futuro de Venezuela.<\/p>\n<p>En este sentido, el director ejecutivo del SAIAE, Dr. Juli\u00e1n D\u00edaz, brind\u00f3 las palabras de respaldo a las labores fundamentales de este tipo de actividades, contrastadas para una misi\u00f3n humanista y social en la atenci\u00f3n de la salud, bajo las marcas de las sietes transformaciones del Plan de Gobierno del Ejecutivo nacional.<\/p>\n<p>El Dr. D\u00edaz comunic\u00f3 su agradecimiento al apoyo constante del presidente de la rep\u00fablica, Nicol\u00e1s Maduro, y la gesti\u00f3n de la ministra de Salud, Magaly Guti\u00e9rrez y la viceministra de Salud Integral, Yuliana Ramos.<\/p>\n<p>La primera ponencia fue ejercida por el Dr. Jos\u00e9 Niazoa, director de Investigaci\u00f3n del SAIAE Arnoldo Gabaldon, denominado <i>\u00abEl Rostro Humano de la Salud Social en Venezuela: de la Enfermolog\u00eda P\u00fablica a la Salud Colectiva\u00bb<\/i>, centrado en su abordaje cualitativo y epistemol\u00f3gico hac\u00eda el SPNS.<\/p>\n<p>El Dr. Niazoa indic\u00f3 que ante los retos actuales emergi\u00f3 la salud colectiva, una nueva manera de adoptar una visi\u00f3n m\u00e1s hol\u00edstica sobre la prevenci\u00f3n y la promoci\u00f3n de la salud.<\/p>\n<p>Asimismo, mencion\u00f3 como la aplicaci\u00f3n de las nuevas tecnolog\u00edas hoy en d\u00eda otorgaron el surgimiento en la salud de ideas y actores sociales en los \u00e1mbitos de la telemedicina, historiales m\u00e9dicos y vigilancia epidemiol\u00f3gica.<\/p>\n<p>Por su parte, la Dra. Neudy Castillo, docente del instituto, se refiri\u00f3 en su ponencia<i> \u00abComplejidad y Transcomplejidad, Paradigmas Sociales de la Investigaci\u00f3n Emergente y Reemergente\u00bb <\/i>a los procesos transdisciplinarios que se ejecutan en los trabajos de investigaci\u00f3n.<\/p>\n<p>Castillo habl\u00f3 sobre los modos de abordar la epistemolog\u00eda en la transdisciplinariedad y como ello promueve la mirada a nuevas estrategias cognitivas en soluci\u00f3n de campos problem\u00e1ticos en la nueva realidad de la salud p\u00fablica.<\/p>\n<p>Por otro lado, la directora de Gesti\u00f3n Acad\u00e9mica Dra.Ana Mar\u00eda Rodrigues, en su ponencia denominada<i> \u00abSalto Cualitativo en la Investigaci\u00f3n desde las 7 Transformaciones del Plan de la Patria venezolano\u00bb<\/i>, comunic\u00f3 el seguimiento de esta nueva ruta para orientar el campo investigativo a fortalecer el desarrollo integral del pa\u00eds.<\/p>\n<p>La doctora Rodrigues abord\u00f3 los desaf\u00edos que la investigaci\u00f3n cualitativa enfrenta para canalizar en las investigaciones una metodolog\u00eda que ofrezca valiosas contribuciones no solo en el campo de la salud, sino orientadas al papel crucial de generar conocimientos.<\/p>\t\t\t\t\t\t\t\t<\/div>\n\t\t\t\t<\/div>\n\t\t\t\t\t<\/div>\n\t\t\t\t<\/div>\n\t\t<div class=\"elementor-element elementor-element-5a7c4d9 e-flex e-con-boxed e-con e-parent\" data-id=\"5a7c4d9\" data-element_type=\"container\" data-e-type=\"container\">\n\t\t\t\t\t<div class=\"e-con-inner\">\n\t\t<div class=\"elementor-element elementor-element-1152f8f e-con-full e-flex e-con e-child\" data-id=\"1152f8f\" data-element_type=\"container\" data-e-type=\"container\">\n\t\t\t\t<div class=\"elementor-element elementor-element-26b99cd elementor-widget elementor-widget-image\" data-id=\"26b99cd\" data-element_type=\"widget\" data-e-type=\"widget\" data-widget_type=\"image.default\">\n\t\t\t\t<div class=\"elementor-widget-container\">\n\t\t\t\t\t\t\t\t\t\t\t\t\t\t\t\t<a href=\"https:\/\/iaes.edu.ve\/wp-content\/uploads\/2025\/01\/001.jpg\" data-elementor-open-lightbox=\"yes\" data-elementor-lightbox-title=\"001\" data-e-action-hash=\"#elementor-action%3Aaction%3Dlightbox%26settings%3DeyJpZCI6MzAzNSwidXJsIjoiaHR0cHM6XC9cL2lhZXMuZWR1LnZlXC93cC1jb250ZW50XC91cGxvYWRzXC8yMDI1XC8wMVwvMDAxLmpwZyJ9\">\n\t\t\t\t\t\t\t<img fetchpriority=\"high\" decoding=\"async\" width=\"640\" height=\"480\" src=\"https:\/\/iaes.edu.ve\/wp-content\/uploads\/2025\/01\/001-1024x768.jpg\" class=\"attachment-large size-large wp-image-3035\" alt=\"\" srcset=\"https:\/\/iaes.edu.ve\/wp-content\/uploads\/2025\/01\/001-1024x768.jpg 1024w, https:\/\/iaes.edu.ve\/wp-content\/uploads\/2025\/01\/001-300x225.jpg 300w, https:\/\/iaes.edu.ve\/wp-content\/uploads\/2025\/01\/001-768x576.jpg 768w, https:\/\/iaes.edu.ve\/wp-content\/uploads\/2025\/01\/001-1536x1152.jpg 1536w, https:\/\/iaes.edu.ve\/wp-content\/uploads\/2025\/01\/001.jpg 1600w\" sizes=\"(max-width: 640px) 100vw, 640px\" \/>\t\t\t\t\t\t\t\t<\/a>\n\t\t\t\t\t\t\t\t\t\t\t\t\t\t\t<\/div>\n\t\t\t\t<\/div>\n\t\t\t\t<\/div>\n\t\t<div class=\"elementor-element elementor-element-b97a411 e-con-full e-flex e-con e-child\" data-id=\"b97a411\" data-element_type=\"container\" data-e-type=\"container\">\n\t\t\t\t<div class=\"elementor-element elementor-element-c9726aa elementor-widget elementor-widget-image\" data-id=\"c9726aa\" data-element_type=\"widget\" data-e-type=\"widget\" data-widget_type=\"image.default\">\n\t\t\t\t<div class=\"elementor-widget-container\">\n\t\t\t\t\t\t\t\t\t\t\t\t\t\t\t\t<a href=\"https:\/\/iaes.edu.ve\/wp-content\/uploads\/2025\/01\/002.jpg\" data-elementor-open-lightbox=\"yes\" data-elementor-lightbox-title=\"002\" data-e-action-hash=\"#elementor-action%3Aaction%3Dlightbox%26settings%3DeyJpZCI6MzAzNiwidXJsIjoiaHR0cHM6XC9cL2lhZXMuZWR1LnZlXC93cC1jb250ZW50XC91cGxvYWRzXC8yMDI1XC8wMVwvMDAyLmpwZyJ9\">\n\t\t\t\t\t\t\t<img decoding=\"async\" width=\"640\" height=\"480\" src=\"https:\/\/iaes.edu.ve\/wp-content\/uploads\/2025\/01\/002-1024x768.jpg\" class=\"attachment-large size-large wp-image-3036\" alt=\"\" srcset=\"https:\/\/iaes.edu.ve\/wp-content\/uploads\/2025\/01\/002-1024x768.jpg 1024w, https:\/\/iaes.edu.ve\/wp-content\/uploads\/2025\/01\/002-300x225.jpg 300w, https:\/\/iaes.edu.ve\/wp-content\/uploads\/2025\/01\/002-768x576.jpg 768w, https:\/\/iaes.edu.ve\/wp-content\/uploads\/2025\/01\/002-1536x1152.jpg 1536w, https:\/\/iaes.edu.ve\/wp-content\/uploads\/2025\/01\/002.jpg 1600w\" sizes=\"(max-width: 640px) 100vw, 640px\" \/>\t\t\t\t\t\t\t\t<\/a>\n\t\t\t\t\t\t\t\t\t\t\t\t\t\t\t<\/div>\n\t\t\t\t<\/div>\n\t\t\t\t<\/div>\n\t\t<div class=\"elementor-element elementor-element-eeaeb93 e-con-full e-flex e-con e-child\" data-id=\"eeaeb93\" data-element_type=\"container\" data-e-type=\"container\">\n\t\t\t\t<div class=\"elementor-element elementor-element-258f540 elementor-widget elementor-widget-image\" data-id=\"258f540\" data-element_type=\"widget\" data-e-type=\"widget\" data-widget_type=\"image.default\">\n\t\t\t\t<div class=\"elementor-widget-container\">\n\t\t\t\t\t\t\t\t\t\t\t\t\t\t\t\t<a href=\"https:\/\/iaes.edu.ve\/wp-content\/uploads\/2025\/01\/003.jpg\" data-elementor-open-lightbox=\"yes\" data-elementor-lightbox-title=\"003\" data-e-action-hash=\"#elementor-action%3Aaction%3Dlightbox%26settings%3DeyJpZCI6MzAzNywidXJsIjoiaHR0cHM6XC9cL2lhZXMuZWR1LnZlXC93cC1jb250ZW50XC91cGxvYWRzXC8yMDI1XC8wMVwvMDAzLmpwZyJ9\">\n\t\t\t\t\t\t\t<img decoding=\"async\" width=\"640\" height=\"480\" src=\"https:\/\/iaes.edu.ve\/wp-content\/uploads\/2025\/01\/003-1024x768.jpg\" class=\"attachment-large size-large wp-image-3037\" alt=\"\" srcset=\"https:\/\/iaes.edu.ve\/wp-content\/uploads\/2025\/01\/003-1024x768.jpg 1024w, https:\/\/iaes.edu.ve\/wp-content\/uploads\/2025\/01\/003-300x225.jpg 300w, https:\/\/iaes.edu.ve\/wp-content\/uploads\/2025\/01\/003-768x576.jpg 768w, https:\/\/iaes.edu.ve\/wp-content\/uploads\/2025\/01\/003-1536x1152.jpg 1536w, https:\/\/iaes.edu.ve\/wp-content\/uploads\/2025\/01\/003.jpg 1600w\" sizes=\"(max-width: 640px) 100vw, 640px\" \/>\t\t\t\t\t\t\t\t<\/a>\n\t\t\t\t\t\t\t\t\t\t\t\t\t\t\t<\/div>\n\t\t\t\t<\/div>\n\t\t\t\t<\/div>\n\t\t<div class=\"elementor-element elementor-element-affff4c e-con-full e-flex e-con e-child\" data-id=\"affff4c\" data-element_type=\"container\" data-e-type=\"container\">\n\t\t\t\t<div class=\"elementor-element elementor-element-ef2184c elementor-widget elementor-widget-image\" data-id=\"ef2184c\" data-element_type=\"widget\" data-e-type=\"widget\" data-widget_type=\"image.default\">\n\t\t\t\t<div class=\"elementor-widget-container\">\n\t\t\t\t\t\t\t\t\t\t\t\t\t\t\t\t<a href=\"https:\/\/iaes.edu.ve\/wp-content\/uploads\/2025\/01\/004.jpg\" data-elementor-open-lightbox=\"yes\" data-elementor-lightbox-title=\"004\" data-e-action-hash=\"#elementor-action%3Aaction%3Dlightbox%26settings%3DeyJpZCI6MzAzOCwidXJsIjoiaHR0cHM6XC9cL2lhZXMuZWR1LnZlXC93cC1jb250ZW50XC91cGxvYWRzXC8yMDI1XC8wMVwvMDA0LmpwZyJ9\">\n\t\t\t\t\t\t\t<img loading=\"lazy\" decoding=\"async\" width=\"640\" height=\"480\" src=\"https:\/\/iaes.edu.ve\/wp-content\/uploads\/2025\/01\/004-1024x768.jpg\" class=\"attachment-large size-large wp-image-3038\" alt=\"\" srcset=\"https:\/\/iaes.edu.ve\/wp-content\/uploads\/2025\/01\/004-1024x768.jpg 1024w, https:\/\/iaes.edu.ve\/wp-content\/uploads\/2025\/01\/004-300x225.jpg 300w, https:\/\/iaes.edu.ve\/wp-content\/uploads\/2025\/01\/004-768x576.jpg 768w, https:\/\/iaes.edu.ve\/wp-content\/uploads\/2025\/01\/004-1536x1152.jpg 1536w, https:\/\/iaes.edu.ve\/wp-content\/uploads\/2025\/01\/004.jpg 1600w\" sizes=\"(max-width: 640px) 100vw, 640px\" \/>\t\t\t\t\t\t\t\t<\/a>\n\t\t\t\t\t\t\t\t\t\t\t\t\t\t\t<\/div>\n\t\t\t\t<\/div>\n\t\t\t\t<\/div>\n\t\t<div class=\"elementor-element elementor-element-66a7e84 e-con-full e-flex e-con e-child\" data-id=\"66a7e84\" data-element_type=\"container\" data-e-type=\"container\">\n\t\t\t\t<div class=\"elementor-element elementor-element-392f5b6 elementor-widget elementor-widget-image\" data-id=\"392f5b6\" data-element_type=\"widget\" data-e-type=\"widget\" data-widget_type=\"image.default\">\n\t\t\t\t<div class=\"elementor-widget-container\">\n\t\t\t\t\t\t\t\t\t\t\t\t<figure class=\"wp-caption\">\n\t\t\t\t\t\t\t\t\t\t\t<a href=\"https:\/\/www.youtube.com\/watch?v=pI_0IYMXZso&#038;t=4331s&#038;ab_channel=IAEDr.ArnoldoGabaldon\" target=\"_blank\">\n\t\t\t\t\t\t\t<img loading=\"lazy\" decoding=\"async\" width=\"640\" height=\"427\" src=\"https:\/\/iaes.edu.ve\/wp-content\/uploads\/2025\/02\/banner-web-1024x683.jpg\" class=\"elementor-animation-pulse-shrink attachment-large size-large wp-image-2999\" alt=\"\" srcset=\"https:\/\/iaes.edu.ve\/wp-content\/uploads\/2025\/02\/banner-web-1024x683.jpg 1024w, https:\/\/iaes.edu.ve\/wp-content\/uploads\/2025\/02\/banner-web-300x200.jpg 300w, https:\/\/iaes.edu.ve\/wp-content\/uploads\/2025\/02\/banner-web-768x512.jpg 768w, https:\/\/iaes.edu.ve\/wp-content\/uploads\/2025\/02\/banner-web-1536x1024.jpg 1536w, https:\/\/iaes.edu.ve\/wp-content\/uploads\/2025\/02\/banner-web-2048x1365.jpg 2048w\" sizes=\"(max-width: 640px) 100vw, 640px\" \/>\t\t\t\t\t\t\t\t<\/a>\n\t\t\t\t\t\t\t\t\t\t\t<figcaption class=\"widget-image-caption wp-caption-text\">Hacer click para ver las ponencias<\/figcaption>\n\t\t\t\t\t\t\t\t\t\t<\/figure>\n\t\t\t\t\t\t\t\t\t<\/div>\n\t\t\t\t<\/div>\n\t\t\t\t<\/div>\n\t\t\t\t\t<\/div>\n\t\t\t\t<\/div>\n\t\t\t\t<\/div>\n\t\t<p>Views: 24<\/p>","protected":false},"excerpt":{"rendered":"<p>PRENSAIAE. Para seguir contribuyendo en la promoci\u00f3n de la calidad en la salud p\u00fablica de manera equitativa, este viernes se realiz\u00f3 la I Jornadas de Investigaci\u00f3n en Salud Colectiva \u00abSalto cualitativo: una espiral de Construcci\u00f3n Dial\u00e9ctica para el Sistema P\u00fablico Nacional de Salud\u00bb, en la sede del Servicio Aut\u00f3nomo Instituto de Altos Estudios \u00abDr. Arnoldo [&hellip;]<\/p>\n","protected":false},"author":1,"featured_media":3046,"comment_status":"open","ping_status":"open","sticky":false,"template":"","format":"standard","meta":{"inline_featured_image":false,"footnotes":""},"categories":[4,10,13,5,7,17,6],"tags":[],"class_list":["post-3031","post","type-post","status-publish","format-standard","has-post-thumbnail","hentry","category-epidemiologia","category-epidemiologia-de-las-enfermedades-metaxenicas","category-eventos","category-gestion-en-salud-publica","category-prensaiae-instituto-de-altos-estudios-dr-arnoldo-gabaldon","category-salud-colectiva-postgrados-instituto-de-altos-estudios-dr-arnoldo-gabaldon","category-salud-ocupacional-e-higiene-del-ambiente-laboral"],"yoast_head":"<!-- This site is optimized with the Yoast SEO plugin v27.4 - https:\/\/yoast.com\/product\/yoast-seo-wordpress\/ -->\n<title>I Jornadas de Investigaci\u00f3n en Salud Colectiva - iaes<\/title>\n<meta name=\"description\" content=\"MPPS, IAE, Jornadas, Investigaci\u00f3n, Salud Colectiva, Salud P\u00fablica, Epidemiolog\u00eda, Enfermedades Metax\u00e9nicas, Salud Ocupacional\" \/>\n<meta name=\"robots\" content=\"index, follow, max-snippet:-1, max-image-preview:large, max-video-preview:-1\" \/>\n<link rel=\"canonical\" href=\"https:\/\/iaes.edu.ve\/?p=3031\" \/>\n<meta property=\"og:locale\" content=\"es_ES\" \/>\n<meta property=\"og:type\" content=\"article\" \/>\n<meta property=\"og:title\" content=\"I Jornadas de Investigaci\u00f3n en Salud Colectiva - iaes\" \/>\n<meta property=\"og:description\" content=\"MPPS, IAE, Jornadas, Investigaci\u00f3n, Salud Colectiva, Salud P\u00fablica, Epidemiolog\u00eda, Enfermedades Metax\u00e9nicas, Salud Ocupacional\" \/>\n<meta property=\"og:url\" content=\"https:\/\/iaes.edu.ve\/?p=3031\" \/>\n<meta property=\"og:site_name\" content=\"iaes\" \/>\n<meta property=\"article:publisher\" content=\"https:\/\/www.facebook.com\/IAEGabaldonOficial\" \/>\n<meta property=\"article:published_time\" content=\"2025-03-01T15:03:00+00:00\" \/>\n<meta property=\"article:modified_time\" content=\"2025-03-17T13:03:11+00:00\" \/>\n<meta property=\"og:image\" content=\"https:\/\/iaes.edu.ve\/wp-content\/uploads\/2025\/03\/005.jpg\" \/>\n\t<meta property=\"og:image:width\" content=\"1600\" \/>\n\t<meta property=\"og:image:height\" content=\"1200\" \/>\n\t<meta property=\"og:image:type\" content=\"image\/jpeg\" \/>\n<meta name=\"author\" content=\"oswaldofs\" \/>\n<meta name=\"twitter:card\" content=\"summary_large_image\" \/>\n<meta name=\"twitter:creator\" content=\"@iaegabaldon\" \/>\n<meta name=\"twitter:site\" content=\"@iaegabaldon\" \/>\n<meta name=\"twitter:label1\" content=\"Escrito por\" \/>\n\t<meta name=\"twitter:data1\" content=\"oswaldofs\" \/>\n\t<meta name=\"twitter:label2\" content=\"Tiempo estimado de lectura\" \/>\n\t<meta name=\"twitter:data2\" content=\"4 minutos\" \/>\n<script type=\"application\/ld+json\" class=\"yoast-schema-graph\">{\"@context\":\"https:\\\/\\\/schema.org\",\"@graph\":[{\"@type\":\"Article\",\"@id\":\"https:\\\/\\\/iaes.edu.ve\\\/?p=3031#article\",\"isPartOf\":{\"@id\":\"https:\\\/\\\/iaes.edu.ve\\\/?p=3031\"},\"author\":{\"name\":\"oswaldofs\",\"@id\":\"https:\\\/\\\/iaes.edu.ve\\\/#\\\/schema\\\/person\\\/b88194a4bdb7b7be1324e200b2cbcfab\"},\"headline\":\"Realizadas las I Jornadas de Investigaci\u00f3n en Salud Colectiva en el IAE Dr Arnoldo Gabaldon\",\"datePublished\":\"2025-03-01T15:03:00+00:00\",\"dateModified\":\"2025-03-17T13:03:11+00:00\",\"mainEntityOfPage\":{\"@id\":\"https:\\\/\\\/iaes.edu.ve\\\/?p=3031\"},\"wordCount\":525,\"commentCount\":0,\"publisher\":{\"@id\":\"https:\\\/\\\/iaes.edu.ve\\\/#organization\"},\"image\":{\"@id\":\"https:\\\/\\\/iaes.edu.ve\\\/?p=3031#primaryimage\"},\"thumbnailUrl\":\"https:\\\/\\\/iaes.edu.ve\\\/wp-content\\\/uploads\\\/2025\\\/03\\\/005.jpg\",\"articleSection\":[\"Epidemiolog\u00eda\",\"Epidemiolog\u00eda de las Enfermedades Metax\u00e9nicas\",\"Eventos\",\"Gesti\u00f3n en Salud P\u00fablica\",\"PRENSAIAE\",\"Salud Colectiva\",\"Salud Ocupacional e Higiene del Ambiente Laboral\"],\"inLanguage\":\"es\",\"potentialAction\":[{\"@type\":\"CommentAction\",\"name\":\"Comment\",\"target\":[\"https:\\\/\\\/iaes.edu.ve\\\/?p=3031#respond\"]}]},{\"@type\":\"WebPage\",\"@id\":\"https:\\\/\\\/iaes.edu.ve\\\/?p=3031\",\"url\":\"https:\\\/\\\/iaes.edu.ve\\\/?p=3031\",\"name\":\"I Jornadas de Investigaci\u00f3n en Salud Colectiva - iaes\",\"isPartOf\":{\"@id\":\"https:\\\/\\\/iaes.edu.ve\\\/#website\"},\"primaryImageOfPage\":{\"@id\":\"https:\\\/\\\/iaes.edu.ve\\\/?p=3031#primaryimage\"},\"image\":{\"@id\":\"https:\\\/\\\/iaes.edu.ve\\\/?p=3031#primaryimage\"},\"thumbnailUrl\":\"https:\\\/\\\/iaes.edu.ve\\\/wp-content\\\/uploads\\\/2025\\\/03\\\/005.jpg\",\"datePublished\":\"2025-03-01T15:03:00+00:00\",\"dateModified\":\"2025-03-17T13:03:11+00:00\",\"description\":\"MPPS, IAE, Jornadas, Investigaci\u00f3n, Salud Colectiva, Salud P\u00fablica, Epidemiolog\u00eda, Enfermedades Metax\u00e9nicas, Salud Ocupacional\",\"breadcrumb\":{\"@id\":\"https:\\\/\\\/iaes.edu.ve\\\/?p=3031#breadcrumb\"},\"inLanguage\":\"es\",\"potentialAction\":[{\"@type\":\"ReadAction\",\"target\":[\"https:\\\/\\\/iaes.edu.ve\\\/?p=3031\"]}]},{\"@type\":\"ImageObject\",\"inLanguage\":\"es\",\"@id\":\"https:\\\/\\\/iaes.edu.ve\\\/?p=3031#primaryimage\",\"url\":\"https:\\\/\\\/iaes.edu.ve\\\/wp-content\\\/uploads\\\/2025\\\/03\\\/005.jpg\",\"contentUrl\":\"https:\\\/\\\/iaes.edu.ve\\\/wp-content\\\/uploads\\\/2025\\\/03\\\/005.jpg\",\"width\":1600,\"height\":1200},{\"@type\":\"BreadcrumbList\",\"@id\":\"https:\\\/\\\/iaes.edu.ve\\\/?p=3031#breadcrumb\",\"itemListElement\":[{\"@type\":\"ListItem\",\"position\":1,\"name\":\"Portada\",\"item\":\"https:\\\/\\\/iaes.edu.ve\\\/\"},{\"@type\":\"ListItem\",\"position\":2,\"name\":\"Realizadas las I Jornadas de Investigaci\u00f3n en Salud Colectiva en el IAE Dr Arnoldo Gabaldon\"}]},{\"@type\":\"WebSite\",\"@id\":\"https:\\\/\\\/iaes.edu.ve\\\/#website\",\"url\":\"https:\\\/\\\/iaes.edu.ve\\\/\",\"name\":\"iaes\",\"description\":\"Formando al talento humano del Sistema P\u00fablico Nacional de Salud\",\"publisher\":{\"@id\":\"https:\\\/\\\/iaes.edu.ve\\\/#organization\"},\"potentialAction\":[{\"@type\":\"SearchAction\",\"target\":{\"@type\":\"EntryPoint\",\"urlTemplate\":\"https:\\\/\\\/iaes.edu.ve\\\/?s={search_term_string}\"},\"query-input\":{\"@type\":\"PropertyValueSpecification\",\"valueRequired\":true,\"valueName\":\"search_term_string\"}}],\"inLanguage\":\"es\"},{\"@type\":\"Organization\",\"@id\":\"https:\\\/\\\/iaes.edu.ve\\\/#organization\",\"name\":\"Servicio Aut\u00f3nomo Instituto de Altos Estudios Dr. Arnoldo Gabaldon\",\"alternateName\":\"IAE Dr. Arnoldo Gabaldon\",\"url\":\"https:\\\/\\\/iaes.edu.ve\\\/\",\"logo\":{\"@type\":\"ImageObject\",\"inLanguage\":\"es\",\"@id\":\"https:\\\/\\\/iaes.edu.ve\\\/#\\\/schema\\\/logo\\\/image\\\/\",\"url\":\"https:\\\/\\\/iaes.edu.ve\\\/wp-content\\\/uploads\\\/2024\\\/05\\\/logo-iae-hor.png\",\"contentUrl\":\"https:\\\/\\\/iaes.edu.ve\\\/wp-content\\\/uploads\\\/2024\\\/05\\\/logo-iae-hor.png\",\"width\":512,\"height\":170,\"caption\":\"Servicio Aut\u00f3nomo Instituto de Altos Estudios Dr. Arnoldo Gabaldon\"},\"image\":{\"@id\":\"https:\\\/\\\/iaes.edu.ve\\\/#\\\/schema\\\/logo\\\/image\\\/\"},\"sameAs\":[\"https:\\\/\\\/www.facebook.com\\\/IAEGabaldonOficial\",\"https:\\\/\\\/x.com\\\/iaegabaldon\",\"https:\\\/\\\/www.instagram.com\\\/iaegabaldon_oficial\\\/\",\"https:\\\/\\\/www.youtube.com\\\/@iaesgabaldon\"]},{\"@type\":\"Person\",\"@id\":\"https:\\\/\\\/iaes.edu.ve\\\/#\\\/schema\\\/person\\\/b88194a4bdb7b7be1324e200b2cbcfab\",\"name\":\"oswaldofs\",\"image\":{\"@type\":\"ImageObject\",\"inLanguage\":\"es\",\"@id\":\"https:\\\/\\\/secure.gravatar.com\\\/avatar\\\/d03f374a3735f769e39c643670c6c3117d23709184a985677e67da3ff643998e?s=96&d=mm&r=g\",\"url\":\"https:\\\/\\\/secure.gravatar.com\\\/avatar\\\/d03f374a3735f769e39c643670c6c3117d23709184a985677e67da3ff643998e?s=96&d=mm&r=g\",\"contentUrl\":\"https:\\\/\\\/secure.gravatar.com\\\/avatar\\\/d03f374a3735f769e39c643670c6c3117d23709184a985677e67da3ff643998e?s=96&d=mm&r=g\",\"caption\":\"oswaldofs\"},\"sameAs\":[\"https:\\\/\\\/iaes.edu.ve\\\/\"],\"url\":\"https:\\\/\\\/iaes.edu.ve\\\/?author=1\"}]}<\/script>\n<!-- \/ Yoast SEO plugin. -->","yoast_head_json":{"title":"I Jornadas de Investigaci\u00f3n en Salud Colectiva - iaes","description":"MPPS, IAE, Jornadas, Investigaci\u00f3n, Salud Colectiva, Salud P\u00fablica, Epidemiolog\u00eda, Enfermedades Metax\u00e9nicas, Salud Ocupacional","robots":{"index":"index","follow":"follow","max-snippet":"max-snippet:-1","max-image-preview":"max-image-preview:large","max-video-preview":"max-video-preview:-1"},"canonical":"https:\/\/iaes.edu.ve\/?p=3031","og_locale":"es_ES","og_type":"article","og_title":"I Jornadas de Investigaci\u00f3n en Salud Colectiva - iaes","og_description":"MPPS, IAE, Jornadas, Investigaci\u00f3n, Salud Colectiva, Salud P\u00fablica, Epidemiolog\u00eda, Enfermedades Metax\u00e9nicas, Salud Ocupacional","og_url":"https:\/\/iaes.edu.ve\/?p=3031","og_site_name":"iaes","article_publisher":"https:\/\/www.facebook.com\/IAEGabaldonOficial","article_published_time":"2025-03-01T15:03:00+00:00","article_modified_time":"2025-03-17T13:03:11+00:00","og_image":[{"width":1600,"height":1200,"url":"https:\/\/iaes.edu.ve\/wp-content\/uploads\/2025\/03\/005.jpg","type":"image\/jpeg"}],"author":"oswaldofs","twitter_card":"summary_large_image","twitter_creator":"@iaegabaldon","twitter_site":"@iaegabaldon","twitter_misc":{"Escrito por":"oswaldofs","Tiempo estimado de lectura":"4 minutos"},"schema":{"@context":"https:\/\/schema.org","@graph":[{"@type":"Article","@id":"https:\/\/iaes.edu.ve\/?p=3031#article","isPartOf":{"@id":"https:\/\/iaes.edu.ve\/?p=3031"},"author":{"name":"oswaldofs","@id":"https:\/\/iaes.edu.ve\/#\/schema\/person\/b88194a4bdb7b7be1324e200b2cbcfab"},"headline":"Realizadas las I Jornadas de Investigaci\u00f3n en Salud Colectiva en el IAE Dr Arnoldo Gabaldon","datePublished":"2025-03-01T15:03:00+00:00","dateModified":"2025-03-17T13:03:11+00:00","mainEntityOfPage":{"@id":"https:\/\/iaes.edu.ve\/?p=3031"},"wordCount":525,"commentCount":0,"publisher":{"@id":"https:\/\/iaes.edu.ve\/#organization"},"image":{"@id":"https:\/\/iaes.edu.ve\/?p=3031#primaryimage"},"thumbnailUrl":"https:\/\/iaes.edu.ve\/wp-content\/uploads\/2025\/03\/005.jpg","articleSection":["Epidemiolog\u00eda","Epidemiolog\u00eda de las Enfermedades Metax\u00e9nicas","Eventos","Gesti\u00f3n en Salud P\u00fablica","PRENSAIAE","Salud Colectiva","Salud Ocupacional e Higiene del Ambiente Laboral"],"inLanguage":"es","potentialAction":[{"@type":"CommentAction","name":"Comment","target":["https:\/\/iaes.edu.ve\/?p=3031#respond"]}]},{"@type":"WebPage","@id":"https:\/\/iaes.edu.ve\/?p=3031","url":"https:\/\/iaes.edu.ve\/?p=3031","name":"I Jornadas de Investigaci\u00f3n en Salud Colectiva - iaes","isPartOf":{"@id":"https:\/\/iaes.edu.ve\/#website"},"primaryImageOfPage":{"@id":"https:\/\/iaes.edu.ve\/?p=3031#primaryimage"},"image":{"@id":"https:\/\/iaes.edu.ve\/?p=3031#primaryimage"},"thumbnailUrl":"https:\/\/iaes.edu.ve\/wp-content\/uploads\/2025\/03\/005.jpg","datePublished":"2025-03-01T15:03:00+00:00","dateModified":"2025-03-17T13:03:11+00:00","description":"MPPS, IAE, Jornadas, Investigaci\u00f3n, Salud Colectiva, Salud P\u00fablica, Epidemiolog\u00eda, Enfermedades Metax\u00e9nicas, Salud Ocupacional","breadcrumb":{"@id":"https:\/\/iaes.edu.ve\/?p=3031#breadcrumb"},"inLanguage":"es","potentialAction":[{"@type":"ReadAction","target":["https:\/\/iaes.edu.ve\/?p=3031"]}]},{"@type":"ImageObject","inLanguage":"es","@id":"https:\/\/iaes.edu.ve\/?p=3031#primaryimage","url":"https:\/\/iaes.edu.ve\/wp-content\/uploads\/2025\/03\/005.jpg","contentUrl":"https:\/\/iaes.edu.ve\/wp-content\/uploads\/2025\/03\/005.jpg","width":1600,"height":1200},{"@type":"BreadcrumbList","@id":"https:\/\/iaes.edu.ve\/?p=3031#breadcrumb","itemListElement":[{"@type":"ListItem","position":1,"name":"Portada","item":"https:\/\/iaes.edu.ve\/"},{"@type":"ListItem","position":2,"name":"Realizadas las I Jornadas de Investigaci\u00f3n en Salud Colectiva en el IAE Dr Arnoldo Gabaldon"}]},{"@type":"WebSite","@id":"https:\/\/iaes.edu.ve\/#website","url":"https:\/\/iaes.edu.ve\/","name":"iaes","description":"Formando al talento humano del Sistema P\u00fablico Nacional de Salud","publisher":{"@id":"https:\/\/iaes.edu.ve\/#organization"},"potentialAction":[{"@type":"SearchAction","target":{"@type":"EntryPoint","urlTemplate":"https:\/\/iaes.edu.ve\/?s={search_term_string}"},"query-input":{"@type":"PropertyValueSpecification","valueRequired":true,"valueName":"search_term_string"}}],"inLanguage":"es"},{"@type":"Organization","@id":"https:\/\/iaes.edu.ve\/#organization","name":"Servicio Aut\u00f3nomo Instituto de Altos Estudios Dr. Arnoldo Gabaldon","alternateName":"IAE Dr. Arnoldo Gabaldon","url":"https:\/\/iaes.edu.ve\/","logo":{"@type":"ImageObject","inLanguage":"es","@id":"https:\/\/iaes.edu.ve\/#\/schema\/logo\/image\/","url":"https:\/\/iaes.edu.ve\/wp-content\/uploads\/2024\/05\/logo-iae-hor.png","contentUrl":"https:\/\/iaes.edu.ve\/wp-content\/uploads\/2024\/05\/logo-iae-hor.png","width":512,"height":170,"caption":"Servicio Aut\u00f3nomo Instituto de Altos Estudios Dr. Arnoldo Gabaldon"},"image":{"@id":"https:\/\/iaes.edu.ve\/#\/schema\/logo\/image\/"},"sameAs":["https:\/\/www.facebook.com\/IAEGabaldonOficial","https:\/\/x.com\/iaegabaldon","https:\/\/www.instagram.com\/iaegabaldon_oficial\/","https:\/\/www.youtube.com\/@iaesgabaldon"]},{"@type":"Person","@id":"https:\/\/iaes.edu.ve\/#\/schema\/person\/b88194a4bdb7b7be1324e200b2cbcfab","name":"oswaldofs","image":{"@type":"ImageObject","inLanguage":"es","@id":"https:\/\/secure.gravatar.com\/avatar\/d03f374a3735f769e39c643670c6c3117d23709184a985677e67da3ff643998e?s=96&d=mm&r=g","url":"https:\/\/secure.gravatar.com\/avatar\/d03f374a3735f769e39c643670c6c3117d23709184a985677e67da3ff643998e?s=96&d=mm&r=g","contentUrl":"https:\/\/secure.gravatar.com\/avatar\/d03f374a3735f769e39c643670c6c3117d23709184a985677e67da3ff643998e?s=96&d=mm&r=g","caption":"oswaldofs"},"sameAs":["https:\/\/iaes.edu.ve\/"],"url":"https:\/\/iaes.edu.ve\/?author=1"}]}},"_links":{"self":[{"href":"https:\/\/iaes.edu.ve\/index.php?rest_route=\/wp\/v2\/posts\/3031","targetHints":{"allow":["GET"]}}],"collection":[{"href":"https:\/\/iaes.edu.ve\/index.php?rest_route=\/wp\/v2\/posts"}],"about":[{"href":"https:\/\/iaes.edu.ve\/index.php?rest_route=\/wp\/v2\/types\/post"}],"author":[{"embeddable":true,"href":"https:\/\/iaes.edu.ve\/index.php?rest_route=\/wp\/v2\/users\/1"}],"replies":[{"embeddable":true,"href":"https:\/\/iaes.edu.ve\/index.php?rest_route=%2Fwp%2Fv2%2Fcomments&post=3031"}],"version-history":[{"count":16,"href":"https:\/\/iaes.edu.ve\/index.php?rest_route=\/wp\/v2\/posts\/3031\/revisions"}],"predecessor-version":[{"id":3091,"href":"https:\/\/iaes.edu.ve\/index.php?rest_route=\/wp\/v2\/posts\/3031\/revisions\/3091"}],"wp:featuredmedia":[{"embeddable":true,"href":"https:\/\/iaes.edu.ve\/index.php?rest_route=\/wp\/v2\/media\/3046"}],"wp:attachment":[{"href":"https:\/\/iaes.edu.ve\/index.php?rest_route=%2Fwp%2Fv2%2Fmedia&parent=3031"}],"wp:term":[{"taxonomy":"category","embeddable":true,"href":"https:\/\/iaes.edu.ve\/index.php?rest_route=%2Fwp%2Fv2%2Fcategories&post=3031"},{"taxonomy":"post_tag","embeddable":true,"href":"https:\/\/iaes.edu.ve\/index.php?rest_route=%2Fwp%2Fv2%2Ftags&post=3031"}],"curies":[{"name":"wp","href":"https:\/\/api.w.org\/{rel}","templated":true}]}}