{"id":4945,"date":"2026-01-28T14:28:11","date_gmt":"2026-01-28T18:28:11","guid":{"rendered":"https:\/\/iaes.edu.ve\/?p=4945"},"modified":"2026-01-28T14:57:46","modified_gmt":"2026-01-28T18:57:46","slug":"saiae-fortalece-la-atencion-inclusiva-con-diplomado-de-lengua-de-senas","status":"publish","type":"post","link":"https:\/\/iaes.edu.ve\/?p=4945","title":{"rendered":"SAIAE fortalece la atenci\u00f3n inclusiva con diplomado de lengua de se\u00f1as"},"content":{"rendered":"\t\t<div data-elementor-type=\"wp-post\" data-elementor-id=\"4945\" class=\"elementor elementor-4945\">\n\t\t\t\t<div class=\"elementor-element elementor-element-0d7567b e-flex e-con-boxed e-con e-parent\" data-id=\"0d7567b\" data-element_type=\"container\" data-e-type=\"container\">\n\t\t\t\t\t<div class=\"e-con-inner\">\n\t\t\t\t<div class=\"elementor-element elementor-element-97f936b elementor-widget elementor-widget-text-editor\" data-id=\"97f936b\" data-element_type=\"widget\" data-e-type=\"widget\" data-widget_type=\"text-editor.default\">\n\t\t\t\t<div class=\"elementor-widget-container\">\n\t\t\t\t\t\t\t\t\t<p><strong>PRENSASAIAE<\/strong><\/p><p>En concordancia con los lineamientos estrat\u00e9gicos de la Direcci\u00f3n Ejecutiva del <strong>Servicio Aut\u00f3nomo Instituto de Altos Estudios \u201cDr. Arnoldo Gabaldon\u201d (SAIAE)<\/strong>, liderada por la <strong>Dra. Shirley Hern\u00e1ndez<\/strong>, este mi\u00e9rcoles se dio inicio al Diplomado en <strong>Lengua de Se\u00f1as Venezolana (LSV)<\/strong> en el \u00c1mbito de la Salud, una iniciativa orientada a fortalecer las competencias comunicativas del personal sanitario y promover una atenci\u00f3n m\u00e9dica inclusiva, humanizada y equitativa.<\/p><p>El programa formativo est\u00e1 dirigido a m\u00e9dicos, m\u00e9dicas, enfermeros, enfermeras y dem\u00e1s profesionales del \u00e1rea de la salud, con el objetivo de reducir las barreras comunicacionales que enfrentan las personas sordas o con discapacidad auditiva durante los procesos de atenci\u00f3n m\u00e9dica, diagn\u00f3stico y tratamiento.<\/p><p>El diplomado fue dictado por el <strong>Dr. C\u00e9sar Rodr\u00edguez<\/strong>, int\u00e9rprete p\u00fablico de Lengua de Se\u00f1as Venezolana, quien destac\u00f3 que esta propuesta responde a una necesidad estructural del sistema de salud, vinculada al derecho a la comunicaci\u00f3n y al acceso oportuno a servicios m\u00e9dicos de calidad.<\/p><p><em>\u201cLas personas sordas, en muchos casos, no manejan el espa\u00f1ol oral, lo que dificulta expresar s\u00edntomas, necesidades y dolencias. Esta barrera comunicacional incide directamente en la calidad de la atenci\u00f3n. La Lengua de Se\u00f1as Venezolana es su lengua natural y el medio adecuado para una comunicaci\u00f3n efectiva\u201d<\/em>, se\u00f1al\u00f3 Rodr\u00edguez.<\/p><p>El objetivo central del diplomado es dotar al personal de salud de herramientas ling\u00fc\u00edsticas y destrezas comunicativas en <strong>LSV<\/strong>, que les permitan establecer una interacci\u00f3n directa con pacientes sordos, mejorar la precisi\u00f3n de los diagn\u00f3sticos y ofrecer una atenci\u00f3n m\u00e1s digna, seguro y respetuoso de la diversidad.<\/p><p>Al culminar el proceso formativo, los participantes estar\u00e1n en capacidad de comunicarse de manera m\u00e1s eficaz con personas sordas, contribuyendo as\u00ed a la garant\u00eda del derecho humano a la salud, al acceso a la informaci\u00f3n y a la atenci\u00f3n oportuna, en concordancia con los principios de inclusi\u00f3n y equidad establecidos en el marco legal venezolano.<\/p><p>Con esta iniciativa, el<strong> SAIAE \u00abDr. Arnoldo Gabaldon\u00bb<\/strong>, bajo la orientaci\u00f3n de su Direcci\u00f3n Ejecutiva, reafirma su compromiso con la educaci\u00f3n inclusiva, la formaci\u00f3n especializada y la promoci\u00f3n de pr\u00e1cticas profesionales alineadas con los derechos humanos, avanzando hacia un sistema de salud m\u00e1s accesible, justo y respetuoso de la diversidad ling\u00fc\u00edstica y cultural del pa\u00eds.<\/p>\t\t\t\t\t\t\t\t<\/div>\n\t\t\t\t<\/div>\n\t\t\t\t\t<\/div>\n\t\t\t\t<\/div>\n\t\t\t\t<\/div>\n\t\t<p>Views: 133<\/p>","protected":false},"excerpt":{"rendered":"<p>PRENSASAIAE En concordancia con los lineamientos estrat\u00e9gicos de la Direcci\u00f3n Ejecutiva del Servicio Aut\u00f3nomo Instituto de Altos Estudios \u201cDr. Arnoldo Gabaldon\u201d (SAIAE), liderada por la Dra. Shirley Hern\u00e1ndez, este mi\u00e9rcoles se dio inicio al Diplomado en Lengua de Se\u00f1as Venezolana (LSV) en el \u00c1mbito de la Salud, una iniciativa orientada a fortalecer las competencias comunicativas [&hellip;]<\/p>\n","protected":false},"author":4,"featured_media":4950,"comment_status":"open","ping_status":"open","sticky":false,"template":"","format":"standard","meta":{"inline_featured_image":false,"footnotes":""},"categories":[7],"tags":[32,21,31],"class_list":["post-4945","post","type-post","status-publish","format-standard","has-post-thumbnail","hentry","category-prensaiae-instituto-de-altos-estudios-dr-arnoldo-gabaldon","tag-formacion","tag-iae-dr-arnoldo-gabaldon","tag-lengua-de-senas-venezolana"],"yoast_head":"<!-- This site is optimized with the Yoast SEO plugin v27.4 - https:\/\/yoast.com\/product\/yoast-seo-wordpress\/ -->\n<title>SAIAE fortalece la atenci\u00f3n inclusiva con diplomado de lengua de se\u00f1as - iaes<\/title>\n<meta name=\"description\" content=\"El SAIAE \u201cDr. Arnoldo Gabaldon\u201d inicio al Diplomado &quot;Lengua de Se\u00f1as en el \u00c1mbito de la Salud&quot;, para fortalecer las competencias comunicativas del personal sanitario.\" \/>\n<meta name=\"robots\" content=\"index, follow, max-snippet:-1, max-image-preview:large, max-video-preview:-1\" \/>\n<link rel=\"canonical\" href=\"https:\/\/iaes.edu.ve\/?p=4945\" \/>\n<meta property=\"og:locale\" content=\"es_ES\" \/>\n<meta property=\"og:type\" content=\"article\" \/>\n<meta property=\"og:title\" content=\"SAIAE fortalece la atenci\u00f3n inclusiva con diplomado de lengua de se\u00f1as - iaes\" \/>\n<meta property=\"og:description\" content=\"El SAIAE \u201cDr. Arnoldo Gabaldon\u201d inicio al Diplomado &quot;Lengua de Se\u00f1as en el \u00c1mbito de la Salud&quot;, para fortalecer las competencias comunicativas del personal sanitario.\" \/>\n<meta property=\"og:url\" content=\"https:\/\/iaes.edu.ve\/?p=4945\" \/>\n<meta property=\"og:site_name\" content=\"iaes\" \/>\n<meta property=\"article:publisher\" content=\"https:\/\/www.facebook.com\/IAEGabaldonOficial\" \/>\n<meta property=\"article:published_time\" content=\"2026-01-28T18:28:11+00:00\" \/>\n<meta property=\"article:modified_time\" content=\"2026-01-28T18:57:46+00:00\" \/>\n<meta property=\"og:image\" content=\"https:\/\/iaes.edu.ve\/wp-content\/uploads\/2026\/01\/photo_5177018266113739708_y.jpg\" \/>\n\t<meta property=\"og:image:width\" content=\"964\" \/>\n\t<meta property=\"og:image:height\" content=\"716\" \/>\n\t<meta property=\"og:image:type\" content=\"image\/jpeg\" \/>\n<meta name=\"author\" content=\"PrensaIAE\" \/>\n<meta name=\"twitter:card\" content=\"summary_large_image\" \/>\n<meta name=\"twitter:creator\" content=\"@iaegabaldon\" \/>\n<meta name=\"twitter:site\" content=\"@iaegabaldon\" \/>\n<meta name=\"twitter:label1\" content=\"Escrito por\" \/>\n\t<meta name=\"twitter:data1\" content=\"PrensaIAE\" \/>\n\t<meta name=\"twitter:label2\" content=\"Tiempo estimado de lectura\" \/>\n\t<meta name=\"twitter:data2\" content=\"2 minutos\" \/>\n<script type=\"application\/ld+json\" class=\"yoast-schema-graph\">{\"@context\":\"https:\\\/\\\/schema.org\",\"@graph\":[{\"@type\":\"Article\",\"@id\":\"https:\\\/\\\/iaes.edu.ve\\\/?p=4945#article\",\"isPartOf\":{\"@id\":\"https:\\\/\\\/iaes.edu.ve\\\/?p=4945\"},\"author\":{\"name\":\"PrensaIAE\",\"@id\":\"https:\\\/\\\/iaes.edu.ve\\\/#\\\/schema\\\/person\\\/84ed316189303a711eeecffe74cd2c6a\"},\"headline\":\"SAIAE fortalece la atenci\u00f3n inclusiva con diplomado de lengua de se\u00f1as\",\"datePublished\":\"2026-01-28T18:28:11+00:00\",\"dateModified\":\"2026-01-28T18:57:46+00:00\",\"mainEntityOfPage\":{\"@id\":\"https:\\\/\\\/iaes.edu.ve\\\/?p=4945\"},\"wordCount\":424,\"commentCount\":0,\"publisher\":{\"@id\":\"https:\\\/\\\/iaes.edu.ve\\\/#organization\"},\"image\":{\"@id\":\"https:\\\/\\\/iaes.edu.ve\\\/?p=4945#primaryimage\"},\"thumbnailUrl\":\"https:\\\/\\\/iaes.edu.ve\\\/wp-content\\\/uploads\\\/2026\\\/01\\\/photo_5177018266113739708_y.jpg\",\"keywords\":[\"Formaci\u00f3n\",\"IAE Dr. Arnoldo Gabaldon\",\"Lengua de Se\u00f1as Venezolana\"],\"articleSection\":[\"PRENSAIAE\"],\"inLanguage\":\"es\",\"potentialAction\":[{\"@type\":\"CommentAction\",\"name\":\"Comment\",\"target\":[\"https:\\\/\\\/iaes.edu.ve\\\/?p=4945#respond\"]}]},{\"@type\":\"WebPage\",\"@id\":\"https:\\\/\\\/iaes.edu.ve\\\/?p=4945\",\"url\":\"https:\\\/\\\/iaes.edu.ve\\\/?p=4945\",\"name\":\"SAIAE fortalece la atenci\u00f3n inclusiva con diplomado de lengua de se\u00f1as - iaes\",\"isPartOf\":{\"@id\":\"https:\\\/\\\/iaes.edu.ve\\\/#website\"},\"primaryImageOfPage\":{\"@id\":\"https:\\\/\\\/iaes.edu.ve\\\/?p=4945#primaryimage\"},\"image\":{\"@id\":\"https:\\\/\\\/iaes.edu.ve\\\/?p=4945#primaryimage\"},\"thumbnailUrl\":\"https:\\\/\\\/iaes.edu.ve\\\/wp-content\\\/uploads\\\/2026\\\/01\\\/photo_5177018266113739708_y.jpg\",\"datePublished\":\"2026-01-28T18:28:11+00:00\",\"dateModified\":\"2026-01-28T18:57:46+00:00\",\"description\":\"El SAIAE \u201cDr. Arnoldo Gabaldon\u201d inicio al Diplomado \\\"Lengua de Se\u00f1as en el \u00c1mbito de la Salud\\\", para fortalecer las competencias comunicativas del personal sanitario.\",\"breadcrumb\":{\"@id\":\"https:\\\/\\\/iaes.edu.ve\\\/?p=4945#breadcrumb\"},\"inLanguage\":\"es\",\"potentialAction\":[{\"@type\":\"ReadAction\",\"target\":[\"https:\\\/\\\/iaes.edu.ve\\\/?p=4945\"]}]},{\"@type\":\"ImageObject\",\"inLanguage\":\"es\",\"@id\":\"https:\\\/\\\/iaes.edu.ve\\\/?p=4945#primaryimage\",\"url\":\"https:\\\/\\\/iaes.edu.ve\\\/wp-content\\\/uploads\\\/2026\\\/01\\\/photo_5177018266113739708_y.jpg\",\"contentUrl\":\"https:\\\/\\\/iaes.edu.ve\\\/wp-content\\\/uploads\\\/2026\\\/01\\\/photo_5177018266113739708_y.jpg\",\"width\":964,\"height\":716},{\"@type\":\"BreadcrumbList\",\"@id\":\"https:\\\/\\\/iaes.edu.ve\\\/?p=4945#breadcrumb\",\"itemListElement\":[{\"@type\":\"ListItem\",\"position\":1,\"name\":\"Portada\",\"item\":\"https:\\\/\\\/iaes.edu.ve\\\/\"},{\"@type\":\"ListItem\",\"position\":2,\"name\":\"SAIAE fortalece la atenci\u00f3n inclusiva con diplomado de lengua de se\u00f1as\"}]},{\"@type\":\"WebSite\",\"@id\":\"https:\\\/\\\/iaes.edu.ve\\\/#website\",\"url\":\"https:\\\/\\\/iaes.edu.ve\\\/\",\"name\":\"iaes\",\"description\":\"Formando al talento humano del Sistema P\u00fablico Nacional de Salud\",\"publisher\":{\"@id\":\"https:\\\/\\\/iaes.edu.ve\\\/#organization\"},\"potentialAction\":[{\"@type\":\"SearchAction\",\"target\":{\"@type\":\"EntryPoint\",\"urlTemplate\":\"https:\\\/\\\/iaes.edu.ve\\\/?s={search_term_string}\"},\"query-input\":{\"@type\":\"PropertyValueSpecification\",\"valueRequired\":true,\"valueName\":\"search_term_string\"}}],\"inLanguage\":\"es\"},{\"@type\":\"Organization\",\"@id\":\"https:\\\/\\\/iaes.edu.ve\\\/#organization\",\"name\":\"Servicio Aut\u00f3nomo Instituto de Altos Estudios Dr. Arnoldo Gabaldon\",\"alternateName\":\"IAE Dr. Arnoldo Gabaldon\",\"url\":\"https:\\\/\\\/iaes.edu.ve\\\/\",\"logo\":{\"@type\":\"ImageObject\",\"inLanguage\":\"es\",\"@id\":\"https:\\\/\\\/iaes.edu.ve\\\/#\\\/schema\\\/logo\\\/image\\\/\",\"url\":\"https:\\\/\\\/iaes.edu.ve\\\/wp-content\\\/uploads\\\/2024\\\/05\\\/logo-iae-hor.png\",\"contentUrl\":\"https:\\\/\\\/iaes.edu.ve\\\/wp-content\\\/uploads\\\/2024\\\/05\\\/logo-iae-hor.png\",\"width\":512,\"height\":170,\"caption\":\"Servicio Aut\u00f3nomo Instituto de Altos Estudios Dr. Arnoldo Gabaldon\"},\"image\":{\"@id\":\"https:\\\/\\\/iaes.edu.ve\\\/#\\\/schema\\\/logo\\\/image\\\/\"},\"sameAs\":[\"https:\\\/\\\/www.facebook.com\\\/IAEGabaldonOficial\",\"https:\\\/\\\/x.com\\\/iaegabaldon\",\"https:\\\/\\\/www.instagram.com\\\/iaegabaldon_oficial\\\/\",\"https:\\\/\\\/www.youtube.com\\\/@iaesgabaldon\"]},{\"@type\":\"Person\",\"@id\":\"https:\\\/\\\/iaes.edu.ve\\\/#\\\/schema\\\/person\\\/84ed316189303a711eeecffe74cd2c6a\",\"name\":\"PrensaIAE\",\"image\":{\"@type\":\"ImageObject\",\"inLanguage\":\"es\",\"@id\":\"https:\\\/\\\/secure.gravatar.com\\\/avatar\\\/33c6d7a15d2be911d62f1b4ab24f12885a4f4d49fc2437e0347386d119eb7896?s=96&d=mm&r=g\",\"url\":\"https:\\\/\\\/secure.gravatar.com\\\/avatar\\\/33c6d7a15d2be911d62f1b4ab24f12885a4f4d49fc2437e0347386d119eb7896?s=96&d=mm&r=g\",\"contentUrl\":\"https:\\\/\\\/secure.gravatar.com\\\/avatar\\\/33c6d7a15d2be911d62f1b4ab24f12885a4f4d49fc2437e0347386d119eb7896?s=96&d=mm&r=g\",\"caption\":\"PrensaIAE\"},\"url\":\"https:\\\/\\\/iaes.edu.ve\\\/?author=4\"}]}<\/script>\n<!-- \/ Yoast SEO plugin. -->","yoast_head_json":{"title":"SAIAE fortalece la atenci\u00f3n inclusiva con diplomado de lengua de se\u00f1as - iaes","description":"El SAIAE \u201cDr. Arnoldo Gabaldon\u201d inicio al Diplomado \"Lengua de Se\u00f1as en el \u00c1mbito de la Salud\", para fortalecer las competencias comunicativas del personal sanitario.","robots":{"index":"index","follow":"follow","max-snippet":"max-snippet:-1","max-image-preview":"max-image-preview:large","max-video-preview":"max-video-preview:-1"},"canonical":"https:\/\/iaes.edu.ve\/?p=4945","og_locale":"es_ES","og_type":"article","og_title":"SAIAE fortalece la atenci\u00f3n inclusiva con diplomado de lengua de se\u00f1as - iaes","og_description":"El SAIAE \u201cDr. Arnoldo Gabaldon\u201d inicio al Diplomado \"Lengua de Se\u00f1as en el \u00c1mbito de la Salud\", para fortalecer las competencias comunicativas del personal sanitario.","og_url":"https:\/\/iaes.edu.ve\/?p=4945","og_site_name":"iaes","article_publisher":"https:\/\/www.facebook.com\/IAEGabaldonOficial","article_published_time":"2026-01-28T18:28:11+00:00","article_modified_time":"2026-01-28T18:57:46+00:00","og_image":[{"width":964,"height":716,"url":"https:\/\/iaes.edu.ve\/wp-content\/uploads\/2026\/01\/photo_5177018266113739708_y.jpg","type":"image\/jpeg"}],"author":"PrensaIAE","twitter_card":"summary_large_image","twitter_creator":"@iaegabaldon","twitter_site":"@iaegabaldon","twitter_misc":{"Escrito por":"PrensaIAE","Tiempo estimado de lectura":"2 minutos"},"schema":{"@context":"https:\/\/schema.org","@graph":[{"@type":"Article","@id":"https:\/\/iaes.edu.ve\/?p=4945#article","isPartOf":{"@id":"https:\/\/iaes.edu.ve\/?p=4945"},"author":{"name":"PrensaIAE","@id":"https:\/\/iaes.edu.ve\/#\/schema\/person\/84ed316189303a711eeecffe74cd2c6a"},"headline":"SAIAE fortalece la atenci\u00f3n inclusiva con diplomado de lengua de se\u00f1as","datePublished":"2026-01-28T18:28:11+00:00","dateModified":"2026-01-28T18:57:46+00:00","mainEntityOfPage":{"@id":"https:\/\/iaes.edu.ve\/?p=4945"},"wordCount":424,"commentCount":0,"publisher":{"@id":"https:\/\/iaes.edu.ve\/#organization"},"image":{"@id":"https:\/\/iaes.edu.ve\/?p=4945#primaryimage"},"thumbnailUrl":"https:\/\/iaes.edu.ve\/wp-content\/uploads\/2026\/01\/photo_5177018266113739708_y.jpg","keywords":["Formaci\u00f3n","IAE Dr. Arnoldo Gabaldon","Lengua de Se\u00f1as Venezolana"],"articleSection":["PRENSAIAE"],"inLanguage":"es","potentialAction":[{"@type":"CommentAction","name":"Comment","target":["https:\/\/iaes.edu.ve\/?p=4945#respond"]}]},{"@type":"WebPage","@id":"https:\/\/iaes.edu.ve\/?p=4945","url":"https:\/\/iaes.edu.ve\/?p=4945","name":"SAIAE fortalece la atenci\u00f3n inclusiva con diplomado de lengua de se\u00f1as - iaes","isPartOf":{"@id":"https:\/\/iaes.edu.ve\/#website"},"primaryImageOfPage":{"@id":"https:\/\/iaes.edu.ve\/?p=4945#primaryimage"},"image":{"@id":"https:\/\/iaes.edu.ve\/?p=4945#primaryimage"},"thumbnailUrl":"https:\/\/iaes.edu.ve\/wp-content\/uploads\/2026\/01\/photo_5177018266113739708_y.jpg","datePublished":"2026-01-28T18:28:11+00:00","dateModified":"2026-01-28T18:57:46+00:00","description":"El SAIAE \u201cDr. Arnoldo Gabaldon\u201d inicio al Diplomado \"Lengua de Se\u00f1as en el \u00c1mbito de la Salud\", para fortalecer las competencias comunicativas del personal sanitario.","breadcrumb":{"@id":"https:\/\/iaes.edu.ve\/?p=4945#breadcrumb"},"inLanguage":"es","potentialAction":[{"@type":"ReadAction","target":["https:\/\/iaes.edu.ve\/?p=4945"]}]},{"@type":"ImageObject","inLanguage":"es","@id":"https:\/\/iaes.edu.ve\/?p=4945#primaryimage","url":"https:\/\/iaes.edu.ve\/wp-content\/uploads\/2026\/01\/photo_5177018266113739708_y.jpg","contentUrl":"https:\/\/iaes.edu.ve\/wp-content\/uploads\/2026\/01\/photo_5177018266113739708_y.jpg","width":964,"height":716},{"@type":"BreadcrumbList","@id":"https:\/\/iaes.edu.ve\/?p=4945#breadcrumb","itemListElement":[{"@type":"ListItem","position":1,"name":"Portada","item":"https:\/\/iaes.edu.ve\/"},{"@type":"ListItem","position":2,"name":"SAIAE fortalece la atenci\u00f3n inclusiva con diplomado de lengua de se\u00f1as"}]},{"@type":"WebSite","@id":"https:\/\/iaes.edu.ve\/#website","url":"https:\/\/iaes.edu.ve\/","name":"iaes","description":"Formando al talento humano del Sistema P\u00fablico Nacional de Salud","publisher":{"@id":"https:\/\/iaes.edu.ve\/#organization"},"potentialAction":[{"@type":"SearchAction","target":{"@type":"EntryPoint","urlTemplate":"https:\/\/iaes.edu.ve\/?s={search_term_string}"},"query-input":{"@type":"PropertyValueSpecification","valueRequired":true,"valueName":"search_term_string"}}],"inLanguage":"es"},{"@type":"Organization","@id":"https:\/\/iaes.edu.ve\/#organization","name":"Servicio Aut\u00f3nomo Instituto de Altos Estudios Dr. Arnoldo Gabaldon","alternateName":"IAE Dr. Arnoldo Gabaldon","url":"https:\/\/iaes.edu.ve\/","logo":{"@type":"ImageObject","inLanguage":"es","@id":"https:\/\/iaes.edu.ve\/#\/schema\/logo\/image\/","url":"https:\/\/iaes.edu.ve\/wp-content\/uploads\/2024\/05\/logo-iae-hor.png","contentUrl":"https:\/\/iaes.edu.ve\/wp-content\/uploads\/2024\/05\/logo-iae-hor.png","width":512,"height":170,"caption":"Servicio Aut\u00f3nomo Instituto de Altos Estudios Dr. Arnoldo Gabaldon"},"image":{"@id":"https:\/\/iaes.edu.ve\/#\/schema\/logo\/image\/"},"sameAs":["https:\/\/www.facebook.com\/IAEGabaldonOficial","https:\/\/x.com\/iaegabaldon","https:\/\/www.instagram.com\/iaegabaldon_oficial\/","https:\/\/www.youtube.com\/@iaesgabaldon"]},{"@type":"Person","@id":"https:\/\/iaes.edu.ve\/#\/schema\/person\/84ed316189303a711eeecffe74cd2c6a","name":"PrensaIAE","image":{"@type":"ImageObject","inLanguage":"es","@id":"https:\/\/secure.gravatar.com\/avatar\/33c6d7a15d2be911d62f1b4ab24f12885a4f4d49fc2437e0347386d119eb7896?s=96&d=mm&r=g","url":"https:\/\/secure.gravatar.com\/avatar\/33c6d7a15d2be911d62f1b4ab24f12885a4f4d49fc2437e0347386d119eb7896?s=96&d=mm&r=g","contentUrl":"https:\/\/secure.gravatar.com\/avatar\/33c6d7a15d2be911d62f1b4ab24f12885a4f4d49fc2437e0347386d119eb7896?s=96&d=mm&r=g","caption":"PrensaIAE"},"url":"https:\/\/iaes.edu.ve\/?author=4"}]}},"_links":{"self":[{"href":"https:\/\/iaes.edu.ve\/index.php?rest_route=\/wp\/v2\/posts\/4945","targetHints":{"allow":["GET"]}}],"collection":[{"href":"https:\/\/iaes.edu.ve\/index.php?rest_route=\/wp\/v2\/posts"}],"about":[{"href":"https:\/\/iaes.edu.ve\/index.php?rest_route=\/wp\/v2\/types\/post"}],"author":[{"embeddable":true,"href":"https:\/\/iaes.edu.ve\/index.php?rest_route=\/wp\/v2\/users\/4"}],"replies":[{"embeddable":true,"href":"https:\/\/iaes.edu.ve\/index.php?rest_route=%2Fwp%2Fv2%2Fcomments&post=4945"}],"version-history":[{"count":15,"href":"https:\/\/iaes.edu.ve\/index.php?rest_route=\/wp\/v2\/posts\/4945\/revisions"}],"predecessor-version":[{"id":4963,"href":"https:\/\/iaes.edu.ve\/index.php?rest_route=\/wp\/v2\/posts\/4945\/revisions\/4963"}],"wp:featuredmedia":[{"embeddable":true,"href":"https:\/\/iaes.edu.ve\/index.php?rest_route=\/wp\/v2\/media\/4950"}],"wp:attachment":[{"href":"https:\/\/iaes.edu.ve\/index.php?rest_route=%2Fwp%2Fv2%2Fmedia&parent=4945"}],"wp:term":[{"taxonomy":"category","embeddable":true,"href":"https:\/\/iaes.edu.ve\/index.php?rest_route=%2Fwp%2Fv2%2Fcategories&post=4945"},{"taxonomy":"post_tag","embeddable":true,"href":"https:\/\/iaes.edu.ve\/index.php?rest_route=%2Fwp%2Fv2%2Ftags&post=4945"}],"curies":[{"name":"wp","href":"https:\/\/api.w.org\/{rel}","templated":true}]}}