{"id":5743,"date":"2026-04-24T13:30:13","date_gmt":"2026-04-24T17:30:13","guid":{"rendered":"https:\/\/iaes.edu.ve\/?p=5743"},"modified":"2026-04-27T13:31:11","modified_gmt":"2026-04-27T17:31:11","slug":"derechos-fundamentales-y-salud-colectiva-protagonizaron-exitoso-encuentro-academico","status":"publish","type":"post","link":"https:\/\/iaes.edu.ve\/?p=5743","title":{"rendered":"Derechos Fundamentales y Salud Colectiva protagonizaron exitoso encuentro acad\u00e9mico"},"content":{"rendered":"\t\t<div data-elementor-type=\"wp-post\" data-elementor-id=\"5743\" class=\"elementor elementor-5743\">\n\t\t\t\t<div class=\"elementor-element elementor-element-aa98f36 e-flex e-con-boxed e-con e-parent\" data-id=\"aa98f36\" data-element_type=\"container\" data-e-type=\"container\">\n\t\t\t\t\t<div class=\"e-con-inner\">\n\t\t\t\t<div class=\"elementor-element elementor-element-05b4c71 elementor-widget elementor-widget-text-editor\" data-id=\"05b4c71\" data-element_type=\"widget\" data-e-type=\"widget\" data-widget_type=\"text-editor.default\">\n\t\t\t\t<div class=\"elementor-widget-container\">\n\t\t\t\t\t\t\t\t\t<p><strong>PRENSASAIAE<\/strong><\/p><p>Con una masiva participaci\u00f3n conectada a trav\u00e9s de la plataforma <strong>Zoom<\/strong>, se llev\u00f3 a cabo el<em> Encuentro Acad\u00e9mico Inclusivo: \u00abDerechos Fundamentales y Salud Colectiva\u00bb<\/em>. La jornada, que reuni\u00f3 a miembros de la comunidad acad\u00e9mica, se consolid\u00f3 como un espacio crucial para entender la salud como un proceso social, hist\u00f3rico y pol\u00edtico que trasciende el \u00e1mbito m\u00e9dico.<\/p><p>El evento se realiz\u00f3 bajo los lineamientos de la <strong>Dra. Shirley Hern\u00e1ndez<\/strong>, directora ejecutiva del<strong> Servicio Aut\u00f3nomo Instituto de Altos Estudios \u201cDr. Arnoldo Gabaldon\u201d (SAIAE)<\/strong>. Por su parte, el D<strong>r. William Ponce<\/strong>, facilitador y coordinador nacional de la <strong>Maestr\u00eda en Salud Colectiva<\/strong>, lider\u00f3 las disertaciones enfocadas en la mejora del bienestar y la calidad de vida de las poblaciones.<\/p><p>Durante el encuentro digital, se abord\u00f3 el proceso salud-enfermedad como un fen\u00f3meno social. El objetivo central fue promover estilos de vida saludables y debatir sobre las garant\u00edas de acceso equitativo a los servicios mediante la participaci\u00f3n comunitaria activa.<\/p><p>La jornada destac\u00f3 por un an\u00e1lisis riguroso de la salud como un derecho constitucional, explorando los principios legales que exigen alcanzar el m\u00e1ximo grado de bienestar posible. Mediante un enfoque de salud colectiva, los asistentes visualizaron el v\u00ednculo directo entre las brechas sociales y la producci\u00f3n de enfermedades, reafirmando la necesidad de abordar los determinantes sociales para generar cambios estructurales en la salud p\u00fablica.<\/p><p>Asimismo, se impuls\u00f3 la promoci\u00f3n del <em>\u00abBuen Vivir\u00bb<\/em> a trav\u00e9s de la educaci\u00f3n como herramienta clave para fortalecer las capacidades de autogesti\u00f3n en las comunidades. Este esfuerzo se complement\u00f3 con una firme apuesta por la intersectorialidad, instando a una colaboraci\u00f3n estrecha entre los sectores de educaci\u00f3n y salud junto a la comunidad para el desarrollo de pol\u00edticas integrales que respondan a las realidades del territorio.<\/p><p>Cabe se\u00f1alar que uno de los puntos m\u00e1s destacados fue el planteamiento de un cambio de paradigma en la ense\u00f1anza. Durante la ponencia, se exhort\u00f3 a superar los modelos homog\u00e9neos, adaptando la did\u00e1ctica a los ritmos y estilos de aprendizaje de todos los participantes bajo un esquema inclusivo. Asimismo, se hizo hincapi\u00e9 en la necesidad de integrar la salud mental y emocional como pilares esenciales del bienestar general.<\/p><p>Con la exitosa culminaci\u00f3n de este encuentro virtual, el <strong>SAIAE<\/strong> y sus directivas revalidan su compromiso con la formaci\u00f3n de profesionales de vanguardia, capaces de transformar la realidad social bajo principios de no discriminaci\u00f3n e inclusi\u00f3n absoluta.<\/p>\t\t\t\t\t\t\t\t<\/div>\n\t\t\t\t<\/div>\n\t\t\t\t\t<\/div>\n\t\t\t\t<\/div>\n\t\t<div class=\"elementor-element elementor-element-d27dc03 e-flex e-con-boxed e-con e-parent\" data-id=\"d27dc03\" data-element_type=\"container\" data-e-type=\"container\">\n\t\t\t\t\t<div class=\"e-con-inner\">\n\t\t\t\t<div class=\"elementor-element elementor-element-25cba41 elementor-arrows-position-inside elementor-pagination-position-outside elementor-widget elementor-widget-image-carousel\" data-id=\"25cba41\" data-element_type=\"widget\" data-e-type=\"widget\" data-settings=\"{&quot;slides_to_show&quot;:&quot;1&quot;,&quot;navigation&quot;:&quot;both&quot;,&quot;autoplay&quot;:&quot;yes&quot;,&quot;pause_on_hover&quot;:&quot;yes&quot;,&quot;pause_on_interaction&quot;:&quot;yes&quot;,&quot;autoplay_speed&quot;:5000,&quot;infinite&quot;:&quot;yes&quot;,&quot;effect&quot;:&quot;slide&quot;,&quot;speed&quot;:500}\" data-widget_type=\"image-carousel.default\">\n\t\t\t\t<div class=\"elementor-widget-container\">\n\t\t\t\t\t\t\t<div class=\"elementor-image-carousel-wrapper swiper\" role=\"region\" aria-roledescription=\"carousel\" aria-label=\"Carrusel de im\u00e1genes\" dir=\"ltr\">\n\t\t\t<div class=\"elementor-image-carousel swiper-wrapper\" aria-live=\"off\">\n\t\t\t\t\t\t\t\t<div class=\"swiper-slide\" role=\"group\" aria-roledescription=\"slide\" aria-label=\"1 of 2\"><figure class=\"swiper-slide-inner\"><img decoding=\"async\" class=\"swiper-slide-image\" src=\"https:\/\/iaes.edu.ve\/wp-content\/uploads\/2026\/04\/5145761731811413043-768x346.jpg\" alt=\"5145761731811413043\" \/><\/figure><\/div><div class=\"swiper-slide\" role=\"group\" aria-roledescription=\"slide\" aria-label=\"2 of 2\"><figure class=\"swiper-slide-inner\"><img decoding=\"async\" class=\"swiper-slide-image\" src=\"https:\/\/iaes.edu.ve\/wp-content\/uploads\/2026\/04\/5145761731811413042-768x346.jpg\" alt=\"5145761731811413042\" \/><\/figure><\/div>\t\t\t<\/div>\n\t\t\t\t\t\t\t\t\t\t\t\t<div class=\"elementor-swiper-button elementor-swiper-button-prev\" role=\"button\" tabindex=\"0\">\n\t\t\t\t\t\t<svg aria-hidden=\"true\" class=\"e-font-icon-svg e-eicon-chevron-left\" viewBox=\"0 0 1000 1000\" xmlns=\"http:\/\/www.w3.org\/2000\/svg\"><path d=\"M646 125C629 125 613 133 604 142L308 442C296 454 292 471 292 487 292 504 296 521 308 533L604 854C617 867 629 875 646 875 663 875 679 871 692 858 704 846 713 829 713 812 713 796 708 779 692 767L438 487 692 225C700 217 708 204 708 187 708 171 704 154 692 142 675 129 663 125 646 125Z\"><\/path><\/svg>\t\t\t\t\t<\/div>\n\t\t\t\t\t<div class=\"elementor-swiper-button elementor-swiper-button-next\" role=\"button\" tabindex=\"0\">\n\t\t\t\t\t\t<svg aria-hidden=\"true\" class=\"e-font-icon-svg e-eicon-chevron-right\" viewBox=\"0 0 1000 1000\" xmlns=\"http:\/\/www.w3.org\/2000\/svg\"><path d=\"M696 533C708 521 713 504 713 487 713 471 708 454 696 446L400 146C388 133 375 125 354 125 338 125 325 129 313 142 300 154 292 171 292 187 292 204 296 221 308 233L563 492 304 771C292 783 288 800 288 817 288 833 296 850 308 863 321 871 338 875 354 875 371 875 388 867 400 854L696 533Z\"><\/path><\/svg>\t\t\t\t\t<\/div>\n\t\t\t\t\n\t\t\t\t\t\t\t\t\t<div class=\"swiper-pagination\"><\/div>\n\t\t\t\t\t\t\t\t\t<\/div>\n\t\t\t\t\t\t<\/div>\n\t\t\t\t<\/div>\n\t\t\t\t\t<\/div>\n\t\t\t\t<\/div>\n\t\t\t\t<\/div>\n\t\t<p>Views: 11<\/p>","protected":false},"excerpt":{"rendered":"<p>PRENSASAIAE Con una masiva participaci\u00f3n conectada a trav\u00e9s de la plataforma Zoom, se llev\u00f3 a cabo el Encuentro Acad\u00e9mico Inclusivo: \u00abDerechos Fundamentales y Salud Colectiva\u00bb. La jornada, que reuni\u00f3 a miembros de la comunidad acad\u00e9mica, se consolid\u00f3 como un espacio crucial para entender la salud como un proceso social, hist\u00f3rico y pol\u00edtico que trasciende el [&hellip;]<\/p>\n","protected":false},"author":4,"featured_media":5746,"comment_status":"open","ping_status":"open","sticky":false,"template":"","format":"standard","meta":{"inline_featured_image":false,"footnotes":""},"categories":[7],"tags":[32,21],"class_list":["post-5743","post","type-post","status-publish","format-standard","has-post-thumbnail","hentry","category-prensaiae-instituto-de-altos-estudios-dr-arnoldo-gabaldon","tag-formacion","tag-iae-dr-arnoldo-gabaldon"],"yoast_head":"<!-- This site is optimized with the Yoast SEO plugin v27.4 - https:\/\/yoast.com\/product\/yoast-seo-wordpress\/ -->\n<title>Derechos Fundamentales y Salud Colectiva protagonizaron exitoso encuentro acad\u00e9mico - iaes<\/title>\n<meta name=\"description\" content=\"Con una masiva participaci\u00f3n conectada a trav\u00e9s de la plataforma Zoom, se llev\u00f3 a cabo el Encuentro Acad\u00e9mico Inclusivo: &quot;Derechos Fundamentales y Salud Colectiva&quot;. La jornada, que reuni\u00f3 a miembros de la comunidad acad\u00e9mica, se consolid\u00f3 como un espacio crucial para entender la salud como un proceso social, hist\u00f3rico y pol\u00edtico que trasciende el \u00e1mbito m\u00e9dico.\" \/>\n<meta name=\"robots\" content=\"index, follow, max-snippet:-1, max-image-preview:large, max-video-preview:-1\" \/>\n<link rel=\"canonical\" href=\"https:\/\/iaes.edu.ve\/?p=5743\" \/>\n<meta property=\"og:locale\" content=\"es_ES\" \/>\n<meta property=\"og:type\" content=\"article\" \/>\n<meta property=\"og:title\" content=\"Derechos Fundamentales y Salud Colectiva protagonizaron exitoso encuentro acad\u00e9mico - iaes\" \/>\n<meta property=\"og:description\" content=\"Con una masiva participaci\u00f3n conectada a trav\u00e9s de la plataforma Zoom, se llev\u00f3 a cabo el Encuentro Acad\u00e9mico Inclusivo: &quot;Derechos Fundamentales y Salud Colectiva&quot;. La jornada, que reuni\u00f3 a miembros de la comunidad acad\u00e9mica, se consolid\u00f3 como un espacio crucial para entender la salud como un proceso social, hist\u00f3rico y pol\u00edtico que trasciende el \u00e1mbito m\u00e9dico.\" \/>\n<meta property=\"og:url\" content=\"https:\/\/iaes.edu.ve\/?p=5743\" \/>\n<meta property=\"og:site_name\" content=\"iaes\" \/>\n<meta property=\"article:publisher\" content=\"https:\/\/www.facebook.com\/IAEGabaldonOficial\" \/>\n<meta property=\"article:published_time\" content=\"2026-04-24T17:30:13+00:00\" \/>\n<meta property=\"article:modified_time\" content=\"2026-04-27T17:31:11+00:00\" \/>\n<meta property=\"og:image\" content=\"https:\/\/iaes.edu.ve\/wp-content\/uploads\/2026\/04\/5145761731811413041.jpg\" \/>\n\t<meta property=\"og:image:width\" content=\"800\" \/>\n\t<meta property=\"og:image:height\" content=\"360\" \/>\n\t<meta property=\"og:image:type\" content=\"image\/jpeg\" \/>\n<meta name=\"author\" content=\"PrensaIAE\" \/>\n<meta name=\"twitter:card\" content=\"summary_large_image\" \/>\n<meta name=\"twitter:creator\" content=\"@iaegabaldon\" \/>\n<meta name=\"twitter:site\" content=\"@iaegabaldon\" \/>\n<meta name=\"twitter:label1\" content=\"Escrito por\" \/>\n\t<meta name=\"twitter:data1\" content=\"PrensaIAE\" \/>\n\t<meta name=\"twitter:label2\" content=\"Tiempo estimado de lectura\" \/>\n\t<meta name=\"twitter:data2\" content=\"3 minutos\" \/>\n<script type=\"application\/ld+json\" class=\"yoast-schema-graph\">{\"@context\":\"https:\\\/\\\/schema.org\",\"@graph\":[{\"@type\":\"Article\",\"@id\":\"https:\\\/\\\/iaes.edu.ve\\\/?p=5743#article\",\"isPartOf\":{\"@id\":\"https:\\\/\\\/iaes.edu.ve\\\/?p=5743\"},\"author\":{\"name\":\"PrensaIAE\",\"@id\":\"https:\\\/\\\/iaes.edu.ve\\\/#\\\/schema\\\/person\\\/84ed316189303a711eeecffe74cd2c6a\"},\"headline\":\"Derechos Fundamentales y Salud Colectiva protagonizaron exitoso encuentro acad\u00e9mico\",\"datePublished\":\"2026-04-24T17:30:13+00:00\",\"dateModified\":\"2026-04-27T17:31:11+00:00\",\"mainEntityOfPage\":{\"@id\":\"https:\\\/\\\/iaes.edu.ve\\\/?p=5743\"},\"wordCount\":432,\"commentCount\":0,\"publisher\":{\"@id\":\"https:\\\/\\\/iaes.edu.ve\\\/#organization\"},\"image\":{\"@id\":\"https:\\\/\\\/iaes.edu.ve\\\/?p=5743#primaryimage\"},\"thumbnailUrl\":\"https:\\\/\\\/iaes.edu.ve\\\/wp-content\\\/uploads\\\/2026\\\/04\\\/5145761731811413041.jpg\",\"keywords\":[\"Formaci\u00f3n\",\"IAE Dr. Arnoldo Gabaldon\"],\"articleSection\":[\"PRENSAIAE\"],\"inLanguage\":\"es\",\"potentialAction\":[{\"@type\":\"CommentAction\",\"name\":\"Comment\",\"target\":[\"https:\\\/\\\/iaes.edu.ve\\\/?p=5743#respond\"]}]},{\"@type\":\"WebPage\",\"@id\":\"https:\\\/\\\/iaes.edu.ve\\\/?p=5743\",\"url\":\"https:\\\/\\\/iaes.edu.ve\\\/?p=5743\",\"name\":\"Derechos Fundamentales y Salud Colectiva protagonizaron exitoso encuentro acad\u00e9mico - iaes\",\"isPartOf\":{\"@id\":\"https:\\\/\\\/iaes.edu.ve\\\/#website\"},\"primaryImageOfPage\":{\"@id\":\"https:\\\/\\\/iaes.edu.ve\\\/?p=5743#primaryimage\"},\"image\":{\"@id\":\"https:\\\/\\\/iaes.edu.ve\\\/?p=5743#primaryimage\"},\"thumbnailUrl\":\"https:\\\/\\\/iaes.edu.ve\\\/wp-content\\\/uploads\\\/2026\\\/04\\\/5145761731811413041.jpg\",\"datePublished\":\"2026-04-24T17:30:13+00:00\",\"dateModified\":\"2026-04-27T17:31:11+00:00\",\"description\":\"Con una masiva participaci\u00f3n conectada a trav\u00e9s de la plataforma Zoom, se llev\u00f3 a cabo el Encuentro Acad\u00e9mico Inclusivo: \\\"Derechos Fundamentales y Salud Colectiva\\\". La jornada, que reuni\u00f3 a miembros de la comunidad acad\u00e9mica, se consolid\u00f3 como un espacio crucial para entender la salud como un proceso social, hist\u00f3rico y pol\u00edtico que trasciende el \u00e1mbito m\u00e9dico.\",\"breadcrumb\":{\"@id\":\"https:\\\/\\\/iaes.edu.ve\\\/?p=5743#breadcrumb\"},\"inLanguage\":\"es\",\"potentialAction\":[{\"@type\":\"ReadAction\",\"target\":[\"https:\\\/\\\/iaes.edu.ve\\\/?p=5743\"]}]},{\"@type\":\"ImageObject\",\"inLanguage\":\"es\",\"@id\":\"https:\\\/\\\/iaes.edu.ve\\\/?p=5743#primaryimage\",\"url\":\"https:\\\/\\\/iaes.edu.ve\\\/wp-content\\\/uploads\\\/2026\\\/04\\\/5145761731811413041.jpg\",\"contentUrl\":\"https:\\\/\\\/iaes.edu.ve\\\/wp-content\\\/uploads\\\/2026\\\/04\\\/5145761731811413041.jpg\",\"width\":800,\"height\":360},{\"@type\":\"BreadcrumbList\",\"@id\":\"https:\\\/\\\/iaes.edu.ve\\\/?p=5743#breadcrumb\",\"itemListElement\":[{\"@type\":\"ListItem\",\"position\":1,\"name\":\"Portada\",\"item\":\"https:\\\/\\\/iaes.edu.ve\\\/\"},{\"@type\":\"ListItem\",\"position\":2,\"name\":\"Derechos Fundamentales y Salud Colectiva protagonizaron exitoso encuentro acad\u00e9mico\"}]},{\"@type\":\"WebSite\",\"@id\":\"https:\\\/\\\/iaes.edu.ve\\\/#website\",\"url\":\"https:\\\/\\\/iaes.edu.ve\\\/\",\"name\":\"iaes\",\"description\":\"Formando al talento humano del Sistema P\u00fablico Nacional de Salud\",\"publisher\":{\"@id\":\"https:\\\/\\\/iaes.edu.ve\\\/#organization\"},\"potentialAction\":[{\"@type\":\"SearchAction\",\"target\":{\"@type\":\"EntryPoint\",\"urlTemplate\":\"https:\\\/\\\/iaes.edu.ve\\\/?s={search_term_string}\"},\"query-input\":{\"@type\":\"PropertyValueSpecification\",\"valueRequired\":true,\"valueName\":\"search_term_string\"}}],\"inLanguage\":\"es\"},{\"@type\":\"Organization\",\"@id\":\"https:\\\/\\\/iaes.edu.ve\\\/#organization\",\"name\":\"Servicio Aut\u00f3nomo Instituto de Altos Estudios Dr. Arnoldo Gabaldon\",\"alternateName\":\"IAE Dr. Arnoldo Gabaldon\",\"url\":\"https:\\\/\\\/iaes.edu.ve\\\/\",\"logo\":{\"@type\":\"ImageObject\",\"inLanguage\":\"es\",\"@id\":\"https:\\\/\\\/iaes.edu.ve\\\/#\\\/schema\\\/logo\\\/image\\\/\",\"url\":\"https:\\\/\\\/iaes.edu.ve\\\/wp-content\\\/uploads\\\/2024\\\/05\\\/logo-iae-hor.png\",\"contentUrl\":\"https:\\\/\\\/iaes.edu.ve\\\/wp-content\\\/uploads\\\/2024\\\/05\\\/logo-iae-hor.png\",\"width\":512,\"height\":170,\"caption\":\"Servicio Aut\u00f3nomo Instituto de Altos Estudios Dr. Arnoldo Gabaldon\"},\"image\":{\"@id\":\"https:\\\/\\\/iaes.edu.ve\\\/#\\\/schema\\\/logo\\\/image\\\/\"},\"sameAs\":[\"https:\\\/\\\/www.facebook.com\\\/IAEGabaldonOficial\",\"https:\\\/\\\/x.com\\\/iaegabaldon\",\"https:\\\/\\\/www.instagram.com\\\/iaegabaldon_oficial\\\/\",\"https:\\\/\\\/www.youtube.com\\\/@iaesgabaldon\"]},{\"@type\":\"Person\",\"@id\":\"https:\\\/\\\/iaes.edu.ve\\\/#\\\/schema\\\/person\\\/84ed316189303a711eeecffe74cd2c6a\",\"name\":\"PrensaIAE\",\"image\":{\"@type\":\"ImageObject\",\"inLanguage\":\"es\",\"@id\":\"https:\\\/\\\/secure.gravatar.com\\\/avatar\\\/33c6d7a15d2be911d62f1b4ab24f12885a4f4d49fc2437e0347386d119eb7896?s=96&d=mm&r=g\",\"url\":\"https:\\\/\\\/secure.gravatar.com\\\/avatar\\\/33c6d7a15d2be911d62f1b4ab24f12885a4f4d49fc2437e0347386d119eb7896?s=96&d=mm&r=g\",\"contentUrl\":\"https:\\\/\\\/secure.gravatar.com\\\/avatar\\\/33c6d7a15d2be911d62f1b4ab24f12885a4f4d49fc2437e0347386d119eb7896?s=96&d=mm&r=g\",\"caption\":\"PrensaIAE\"},\"url\":\"https:\\\/\\\/iaes.edu.ve\\\/?author=4\"}]}<\/script>\n<!-- \/ Yoast SEO plugin. -->","yoast_head_json":{"title":"Derechos Fundamentales y Salud Colectiva protagonizaron exitoso encuentro acad\u00e9mico - iaes","description":"Con una masiva participaci\u00f3n conectada a trav\u00e9s de la plataforma Zoom, se llev\u00f3 a cabo el Encuentro Acad\u00e9mico Inclusivo: \"Derechos Fundamentales y Salud Colectiva\". La jornada, que reuni\u00f3 a miembros de la comunidad acad\u00e9mica, se consolid\u00f3 como un espacio crucial para entender la salud como un proceso social, hist\u00f3rico y pol\u00edtico que trasciende el \u00e1mbito m\u00e9dico.","robots":{"index":"index","follow":"follow","max-snippet":"max-snippet:-1","max-image-preview":"max-image-preview:large","max-video-preview":"max-video-preview:-1"},"canonical":"https:\/\/iaes.edu.ve\/?p=5743","og_locale":"es_ES","og_type":"article","og_title":"Derechos Fundamentales y Salud Colectiva protagonizaron exitoso encuentro acad\u00e9mico - iaes","og_description":"Con una masiva participaci\u00f3n conectada a trav\u00e9s de la plataforma Zoom, se llev\u00f3 a cabo el Encuentro Acad\u00e9mico Inclusivo: \"Derechos Fundamentales y Salud Colectiva\". La jornada, que reuni\u00f3 a miembros de la comunidad acad\u00e9mica, se consolid\u00f3 como un espacio crucial para entender la salud como un proceso social, hist\u00f3rico y pol\u00edtico que trasciende el \u00e1mbito m\u00e9dico.","og_url":"https:\/\/iaes.edu.ve\/?p=5743","og_site_name":"iaes","article_publisher":"https:\/\/www.facebook.com\/IAEGabaldonOficial","article_published_time":"2026-04-24T17:30:13+00:00","article_modified_time":"2026-04-27T17:31:11+00:00","og_image":[{"width":800,"height":360,"url":"https:\/\/iaes.edu.ve\/wp-content\/uploads\/2026\/04\/5145761731811413041.jpg","type":"image\/jpeg"}],"author":"PrensaIAE","twitter_card":"summary_large_image","twitter_creator":"@iaegabaldon","twitter_site":"@iaegabaldon","twitter_misc":{"Escrito por":"PrensaIAE","Tiempo estimado de lectura":"3 minutos"},"schema":{"@context":"https:\/\/schema.org","@graph":[{"@type":"Article","@id":"https:\/\/iaes.edu.ve\/?p=5743#article","isPartOf":{"@id":"https:\/\/iaes.edu.ve\/?p=5743"},"author":{"name":"PrensaIAE","@id":"https:\/\/iaes.edu.ve\/#\/schema\/person\/84ed316189303a711eeecffe74cd2c6a"},"headline":"Derechos Fundamentales y Salud Colectiva protagonizaron exitoso encuentro acad\u00e9mico","datePublished":"2026-04-24T17:30:13+00:00","dateModified":"2026-04-27T17:31:11+00:00","mainEntityOfPage":{"@id":"https:\/\/iaes.edu.ve\/?p=5743"},"wordCount":432,"commentCount":0,"publisher":{"@id":"https:\/\/iaes.edu.ve\/#organization"},"image":{"@id":"https:\/\/iaes.edu.ve\/?p=5743#primaryimage"},"thumbnailUrl":"https:\/\/iaes.edu.ve\/wp-content\/uploads\/2026\/04\/5145761731811413041.jpg","keywords":["Formaci\u00f3n","IAE Dr. Arnoldo Gabaldon"],"articleSection":["PRENSAIAE"],"inLanguage":"es","potentialAction":[{"@type":"CommentAction","name":"Comment","target":["https:\/\/iaes.edu.ve\/?p=5743#respond"]}]},{"@type":"WebPage","@id":"https:\/\/iaes.edu.ve\/?p=5743","url":"https:\/\/iaes.edu.ve\/?p=5743","name":"Derechos Fundamentales y Salud Colectiva protagonizaron exitoso encuentro acad\u00e9mico - iaes","isPartOf":{"@id":"https:\/\/iaes.edu.ve\/#website"},"primaryImageOfPage":{"@id":"https:\/\/iaes.edu.ve\/?p=5743#primaryimage"},"image":{"@id":"https:\/\/iaes.edu.ve\/?p=5743#primaryimage"},"thumbnailUrl":"https:\/\/iaes.edu.ve\/wp-content\/uploads\/2026\/04\/5145761731811413041.jpg","datePublished":"2026-04-24T17:30:13+00:00","dateModified":"2026-04-27T17:31:11+00:00","description":"Con una masiva participaci\u00f3n conectada a trav\u00e9s de la plataforma Zoom, se llev\u00f3 a cabo el Encuentro Acad\u00e9mico Inclusivo: \"Derechos Fundamentales y Salud Colectiva\". La jornada, que reuni\u00f3 a miembros de la comunidad acad\u00e9mica, se consolid\u00f3 como un espacio crucial para entender la salud como un proceso social, hist\u00f3rico y pol\u00edtico que trasciende el \u00e1mbito m\u00e9dico.","breadcrumb":{"@id":"https:\/\/iaes.edu.ve\/?p=5743#breadcrumb"},"inLanguage":"es","potentialAction":[{"@type":"ReadAction","target":["https:\/\/iaes.edu.ve\/?p=5743"]}]},{"@type":"ImageObject","inLanguage":"es","@id":"https:\/\/iaes.edu.ve\/?p=5743#primaryimage","url":"https:\/\/iaes.edu.ve\/wp-content\/uploads\/2026\/04\/5145761731811413041.jpg","contentUrl":"https:\/\/iaes.edu.ve\/wp-content\/uploads\/2026\/04\/5145761731811413041.jpg","width":800,"height":360},{"@type":"BreadcrumbList","@id":"https:\/\/iaes.edu.ve\/?p=5743#breadcrumb","itemListElement":[{"@type":"ListItem","position":1,"name":"Portada","item":"https:\/\/iaes.edu.ve\/"},{"@type":"ListItem","position":2,"name":"Derechos Fundamentales y Salud Colectiva protagonizaron exitoso encuentro acad\u00e9mico"}]},{"@type":"WebSite","@id":"https:\/\/iaes.edu.ve\/#website","url":"https:\/\/iaes.edu.ve\/","name":"iaes","description":"Formando al talento humano del Sistema P\u00fablico Nacional de Salud","publisher":{"@id":"https:\/\/iaes.edu.ve\/#organization"},"potentialAction":[{"@type":"SearchAction","target":{"@type":"EntryPoint","urlTemplate":"https:\/\/iaes.edu.ve\/?s={search_term_string}"},"query-input":{"@type":"PropertyValueSpecification","valueRequired":true,"valueName":"search_term_string"}}],"inLanguage":"es"},{"@type":"Organization","@id":"https:\/\/iaes.edu.ve\/#organization","name":"Servicio Aut\u00f3nomo Instituto de Altos Estudios Dr. Arnoldo Gabaldon","alternateName":"IAE Dr. Arnoldo Gabaldon","url":"https:\/\/iaes.edu.ve\/","logo":{"@type":"ImageObject","inLanguage":"es","@id":"https:\/\/iaes.edu.ve\/#\/schema\/logo\/image\/","url":"https:\/\/iaes.edu.ve\/wp-content\/uploads\/2024\/05\/logo-iae-hor.png","contentUrl":"https:\/\/iaes.edu.ve\/wp-content\/uploads\/2024\/05\/logo-iae-hor.png","width":512,"height":170,"caption":"Servicio Aut\u00f3nomo Instituto de Altos Estudios Dr. Arnoldo Gabaldon"},"image":{"@id":"https:\/\/iaes.edu.ve\/#\/schema\/logo\/image\/"},"sameAs":["https:\/\/www.facebook.com\/IAEGabaldonOficial","https:\/\/x.com\/iaegabaldon","https:\/\/www.instagram.com\/iaegabaldon_oficial\/","https:\/\/www.youtube.com\/@iaesgabaldon"]},{"@type":"Person","@id":"https:\/\/iaes.edu.ve\/#\/schema\/person\/84ed316189303a711eeecffe74cd2c6a","name":"PrensaIAE","image":{"@type":"ImageObject","inLanguage":"es","@id":"https:\/\/secure.gravatar.com\/avatar\/33c6d7a15d2be911d62f1b4ab24f12885a4f4d49fc2437e0347386d119eb7896?s=96&d=mm&r=g","url":"https:\/\/secure.gravatar.com\/avatar\/33c6d7a15d2be911d62f1b4ab24f12885a4f4d49fc2437e0347386d119eb7896?s=96&d=mm&r=g","contentUrl":"https:\/\/secure.gravatar.com\/avatar\/33c6d7a15d2be911d62f1b4ab24f12885a4f4d49fc2437e0347386d119eb7896?s=96&d=mm&r=g","caption":"PrensaIAE"},"url":"https:\/\/iaes.edu.ve\/?author=4"}]}},"_links":{"self":[{"href":"https:\/\/iaes.edu.ve\/index.php?rest_route=\/wp\/v2\/posts\/5743","targetHints":{"allow":["GET"]}}],"collection":[{"href":"https:\/\/iaes.edu.ve\/index.php?rest_route=\/wp\/v2\/posts"}],"about":[{"href":"https:\/\/iaes.edu.ve\/index.php?rest_route=\/wp\/v2\/types\/post"}],"author":[{"embeddable":true,"href":"https:\/\/iaes.edu.ve\/index.php?rest_route=\/wp\/v2\/users\/4"}],"replies":[{"embeddable":true,"href":"https:\/\/iaes.edu.ve\/index.php?rest_route=%2Fwp%2Fv2%2Fcomments&post=5743"}],"version-history":[{"count":4,"href":"https:\/\/iaes.edu.ve\/index.php?rest_route=\/wp\/v2\/posts\/5743\/revisions"}],"predecessor-version":[{"id":5750,"href":"https:\/\/iaes.edu.ve\/index.php?rest_route=\/wp\/v2\/posts\/5743\/revisions\/5750"}],"wp:featuredmedia":[{"embeddable":true,"href":"https:\/\/iaes.edu.ve\/index.php?rest_route=\/wp\/v2\/media\/5746"}],"wp:attachment":[{"href":"https:\/\/iaes.edu.ve\/index.php?rest_route=%2Fwp%2Fv2%2Fmedia&parent=5743"}],"wp:term":[{"taxonomy":"category","embeddable":true,"href":"https:\/\/iaes.edu.ve\/index.php?rest_route=%2Fwp%2Fv2%2Fcategories&post=5743"},{"taxonomy":"post_tag","embeddable":true,"href":"https:\/\/iaes.edu.ve\/index.php?rest_route=%2Fwp%2Fv2%2Ftags&post=5743"}],"curies":[{"name":"wp","href":"https:\/\/api.w.org\/{rel}","templated":true}]}}